{"id":38554,"date":"2026-03-07T15:18:13","date_gmt":"2026-03-07T15:18:13","guid":{"rendered":"https:\/\/thedailyglow.fun\/?p=38554"},"modified":"2026-03-07T15:18:13","modified_gmt":"2026-03-07T15:18:13","slug":"mi-hija-desaparecio-del-kinder-a-los-4-anos-21-anos-despues-en-su-cumpleanos-recibi-una-carta-que-comenzaba-querida-mama-no-sabes-lo-que-realmente-paso-susana-nunez-por-susana-nunez","status":"publish","type":"post","link":"https:\/\/thedailyglow.fun\/?p=38554","title":{"rendered":"Mi hija desapareci\u00f3 del k\u00ednder a los 4 a\u00f1os \u2013 21 a\u00f1os despu\u00e9s, en su cumplea\u00f1os, recib\u00ed una carta que comenzaba: &#8220;Querida mam\u00e1, no sabes lo que realmente pas\u00f3&#8221; Susana Nunez Por Susana Nunez"},"content":{"rendered":"<p>Veinti\u00fan a\u00f1os despu\u00e9s de que mi hija desapareciera del patio de la guarder\u00eda, cre\u00eda que hab\u00eda hecho las paces con ello. Entonces, el d\u00eda en que habr\u00eda cumplido 25 a\u00f1os, apareci\u00f3 un sobre blanco. Dentro hab\u00eda una foto y una carta que empezaba: &#8220;Querida mam\u00e1&#8221;.<\/p>\n<p>Publicidad<br \/>\nDurante 21 a\u00f1os, mantuve la habitaci\u00f3n de mi hija igual. Paredes de color lavanda, estrellas que brillaban en la oscuridad, zapatillas diminutas junto a la puerta. Si abr\u00eda el armario, a\u00fan pod\u00eda coger champ\u00fa de fresa.<\/p>\n<p>Catherine desapareci\u00f3 del patio de su guarder\u00eda a los cuatro a\u00f1os.<\/p>\n<p>Mi hermana lo llam\u00f3 algo insano.<\/p>\n<p>&#8220;Laura, no puedes congelar el tiempo&#8221;, me dijo, de pie en la puerta, como si tuviera miedo de entrar.<\/p>\n<p>Le dije: &#8220;No puedes redecorar mi pena&#8221;, y se march\u00f3 con los ojos h\u00famedos.<\/p>\n<p>Publicidad<\/p>\n<p>Catherine desapareci\u00f3 del patio de su guarder\u00eda a los cuatro a\u00f1os. Llevaba un vestido amarillo de margaritas y dos pasadores desparejados porque &#8220;las princesas mezclan colores&#8221;.<\/p>\n<p>Aquella ma\u00f1ana pregunt\u00f3: &#8220;\u00bfFideos rizados esta noche, mam\u00e1?&#8221;.<\/p>\n<p>Frank le levant\u00f3 la mochila y sonri\u00f3. &#8220;Espaguetis con ricitos. Trato hecho&#8221;.<\/p>\n<p>El patio de recreo parec\u00eda normal.<\/p>\n<p>Grit\u00e9 tras ellos: &#8220;\u00a1Tu manopla roja!&#8221; y Catherine la agit\u00f3 por la ventana. &#8220;\u00a1Ya la tengo!&#8221;.<\/p>\n<p>Publicidad<br \/>\nPasaron diez minutos. Un minuto estaba en la cola de los zumos y al siguiente se hab\u00eda ido. Cuando llamaron del colegio, estaba enjuagando una taza, sin pensar en nada importante.<\/p>\n<p>&#8220;\u00bfSe\u00f1ora Holloway? No encontramos a Catherine&#8221;, dijo la Sra. Dillon, con voz temblorosa.<\/p>\n<p>&#8220;\u00bfC\u00f3mo que no pueden encontrarla?&#8221;, pregunt\u00e9.<\/p>\n<p>&#8220;Me di la vuelta un segundo&#8221;, insisti\u00f3, y yo ya estaba cogiendo las llaves.<\/p>\n<p>El patio de recreo parec\u00eda normal. Los ni\u00f1os segu\u00edan gritando, el columpio segu\u00eda chirriando y el sol segu\u00eda brillando como si no tuviera verg\u00fcenza. Frank estaba de pie cerca del tobog\u00e1n, tieso, mirando el mantillo.<\/p>\n<p>Un polic\u00eda se agach\u00f3 junto a la mochila.<\/p>\n<p>Publicidad<\/p>\n<p>Le agarr\u00e9 del brazo. &#8220;\u00bfD\u00f3nde est\u00e1?&#8221;.<\/p>\n<p>&#8220;No lo s\u00e9&#8221;, susurr\u00f3, y sus ojos se volvieron vidriosos.<\/p>\n<p>Su mochila rosa estaba junto al tobog\u00e1n, volcada. Una correa estaba retorcida, y su manopla roja favorita yac\u00eda entre las virutas de madera, brillante como una bengala. Me la llev\u00e9 a la cara y sent\u00ed el olor de la suciedad, del jab\u00f3n y de ella.<\/p>\n<p>Un polic\u00eda se agach\u00f3 junto a la mochila. &#8220;\u00bfAlg\u00fan problema de custodia? \u00bfAlguien que pueda llev\u00e1rsela?&#8221;.<\/p>\n<p>&#8220;Tiene cuatro a\u00f1os&#8221;, espet\u00e9. &#8220;Su mayor problema es la hora de la siesta&#8221;.<\/p>\n<p>El detective baj\u00f3 la voz.<\/p>\n<p>Publicidad<\/p>\n<p>Entonces no hab\u00eda c\u00e1maras, ni grabaciones limpias que reproducir. Los perros buscaban en la arboleda; los voluntarios peinaban el barrio. Cada sirena hac\u00eda saltar mi coraz\u00f3n, y cada hora de silencio lo hund\u00eda.<\/p>\n<p>Los detectives se sentaron a nuestra mesa e hicieron preguntas que parec\u00edan cuchillos.<\/p>\n<p>&#8220;\u00bfAlguien cercano a la familia?&#8221;, dijo uno, con la pluma en ristre.<\/p>\n<p>Frank manten\u00eda las manos juntas, con los nudillos blancos. &#8220;Yo la dej\u00e9. Estaba sonriendo&#8221;.<\/p>\n<p>El detective baj\u00f3 la voz. &#8220;A veces es alguien conocido&#8221;.<\/p>\n<p>Frank se estremeci\u00f3, r\u00e1pido como un parpadeo, pero yo lo vi.<\/p>\n<p>Cuando se fueron, dije: &#8220;\u00bfQu\u00e9 ha sido eso?&#8221;.<\/p>\n<p>Frank se qued\u00f3 mirando al suelo. &#8220;Porque le he fallado. Eso es todo&#8221;.<\/p>\n<p>&#8220;Eres muy fuerte&#8221;.<\/p>\n<p>Publicidad<\/p>\n<p>***<\/p>\n<p>Tres meses despu\u00e9s, Frank se desplom\u00f3 en nuestra cocina. Hab\u00eda estado arreglando la bisagra del armario en el que Catherine se balanceaba, y me pidi\u00f3 el destornillador. Su mano se afloj\u00f3, sus rodillas golpearon la baldosa y el sonido me parti\u00f3 la cabeza.<\/p>\n<p>&#8220;\u00a1Frank! \u00a1M\u00edrame!&#8221;, grit\u00e9, golpe\u00e1ndole la mejilla, rog\u00e1ndole que enfocara los ojos.<\/p>\n<p>En Urgencias, un m\u00e9dico dijo: &#8220;Cardiomiopat\u00eda por estr\u00e9s&#8221;, como si fuera el parte meteorol\u00f3gico.<\/p>\n<p>Una enfermera susurr\u00f3: &#8220;S\u00edndrome del coraz\u00f3n roto&#8221;, y la odi\u00e9 por darle un nombre bonito.<\/p>\n<p>En el funeral, la gente dec\u00eda: &#8220;Qu\u00e9 fuerte eres&#8221;, y yo asent\u00eda como un animal amaestrado.<\/p>\n<p>Despu\u00e9s, en el autom\u00f3vil, golpe\u00e9 el volante hasta que me dolieron las mu\u00f1ecas. Hab\u00eda enterrado a mi marido mientras mi hija segu\u00eda desaparecida, y mi cuerpo no sab\u00eda qu\u00e9 pena cargar primero.<\/p>\n","protected":false},"excerpt":{"rendered":"<p>Veinti\u00fan a\u00f1os despu\u00e9s de que mi hija desapareciera del patio de la guarder\u00eda, cre\u00eda que hab\u00eda hecho las paces con ello. Entonces, el d\u00eda en que habr\u00eda&#8230; <\/p>\n","protected":false},"author":1,"featured_media":38555,"comment_status":"open","ping_status":"open","sticky":false,"template":"","format":"standard","meta":{"om_disable_all_campaigns":false,"_monsterinsights_skip_tracking":false,"_monsterinsights_sitenote_active":false,"_monsterinsights_sitenote_note":"","_monsterinsights_sitenote_category":0,"footnotes":""},"categories":[6],"tags":[],"class_list":["post-38554","post","type-post","status-publish","format-standard","has-post-thumbnail","hentry","category-news"],"_links":{"self":[{"href":"https:\/\/thedailyglow.fun\/index.php?rest_route=\/wp\/v2\/posts\/38554","targetHints":{"allow":["GET"]}}],"collection":[{"href":"https:\/\/thedailyglow.fun\/index.php?rest_route=\/wp\/v2\/posts"}],"about":[{"href":"https:\/\/thedailyglow.fun\/index.php?rest_route=\/wp\/v2\/types\/post"}],"author":[{"embeddable":true,"href":"https:\/\/thedailyglow.fun\/index.php?rest_route=\/wp\/v2\/users\/1"}],"replies":[{"embeddable":true,"href":"https:\/\/thedailyglow.fun\/index.php?rest_route=%2Fwp%2Fv2%2Fcomments&post=38554"}],"version-history":[{"count":1,"href":"https:\/\/thedailyglow.fun\/index.php?rest_route=\/wp\/v2\/posts\/38554\/revisions"}],"predecessor-version":[{"id":38556,"href":"https:\/\/thedailyglow.fun\/index.php?rest_route=\/wp\/v2\/posts\/38554\/revisions\/38556"}],"wp:featuredmedia":[{"embeddable":true,"href":"https:\/\/thedailyglow.fun\/index.php?rest_route=\/wp\/v2\/media\/38555"}],"wp:attachment":[{"href":"https:\/\/thedailyglow.fun\/index.php?rest_route=%2Fwp%2Fv2%2Fmedia&parent=38554"}],"wp:term":[{"taxonomy":"category","embeddable":true,"href":"https:\/\/thedailyglow.fun\/index.php?rest_route=%2Fwp%2Fv2%2Fcategories&post=38554"},{"taxonomy":"post_tag","embeddable":true,"href":"https:\/\/thedailyglow.fun\/index.php?rest_route=%2Fwp%2Fv2%2Ftags&post=38554"}],"curies":[{"name":"wp","href":"https:\/\/api.w.org\/{rel}","templated":true}]}}